{"id":2057,"date":"2026-02-17T14:59:31","date_gmt":"2026-02-17T20:59:31","guid":{"rendered":"https:\/\/ut-morelia.edu.mx\/?p=2057"},"modified":"2026-02-17T14:59:31","modified_gmt":"2026-02-17T20:59:31","slug":"utm-impulsa-dialogo-abierto-sobre-participacion-juvenil-seguridad-y-derechos","status":"publish","type":"post","link":"https:\/\/ut-morelia.edu.mx\/index.php\/2026\/02\/17\/utm-impulsa-dialogo-abierto-sobre-participacion-juvenil-seguridad-y-derechos\/","title":{"rendered":"UTM impulsa di\u00e1logo abierto sobre participaci\u00f3n juvenil, seguridad y derechos"},"content":{"rendered":"\n<p>La senadora de la Rep\u00fablica, Celeste Ascencio, reflexion\u00f3 con las y los alumnos sobre pol\u00edticas p\u00fablicas y transformaci\u00f3n social<\/p>\n\n\n\n<p>Morelia, Michoac\u00e1n, 17 de febrero de 2026. La Universidad Tecnol\u00f3gica de Morelia (UTM) fue sede de un conversatorio con la senadora de la Rep\u00fablica, Celeste Ascencio, quien sostuvo un di\u00e1logo abierto con estudiantes de distintas carreras sobre temas como seguridad p\u00fablica, participaci\u00f3n pol\u00edtica, educaci\u00f3n, derechos de las mujeres y diversidad.<\/p>\n\n\n\n<p>Durante el encuentro, la legisladora comparti\u00f3 experiencias personales relacionadas con su trayectoria acad\u00e9mica y su incorporaci\u00f3n a la vida p\u00fablica, abordando la necesidad de impulsar estrategias de paz y mayor involucramiento ciudadano.<\/p>\n\n\n\n<p>Las y los estudiantes participaron activamente con preguntas y posturas diversas, planteando inquietudes sobre pol\u00edticas de seguridad, violencia pol\u00edtica e informaci\u00f3n en redes sociales, as\u00ed como el papel de los distintos niveles de gobierno ante los desaf\u00edos actuales. El intercambio permiti\u00f3 contrastar opiniones y generar reflexi\u00f3n en un ambiente de respeto.<\/p>\n\n\n\n<p>La UTM reafirma su compromiso de promover espacios de di\u00e1logo plural que fortalezcan el pensamiento cr\u00edtico y la formaci\u00f3n integral de su comunidad, garantizando el intercambio de ideas en un marco institucional y acad\u00e9mico que fomente la participaci\u00f3n informada de la juventud.<\/p>\n","protected":false},"excerpt":{"rendered":"<p>La senadora de la Rep\u00fablica, Celeste Ascencio, reflexion\u00f3 con las y los alumnos sobre pol\u00edticas p\u00fablicas y transformaci\u00f3n social Morelia, Michoac\u00e1n, 17 de febrero de 2026. La Universidad Tecnol\u00f3gica de Morelia (UTM) fue sede de un conversatorio con la senadora de la Rep\u00fablica, Celeste Ascencio, quien sostuvo un di\u00e1logo abierto con estudiantes de distintas carreras [&hellip;]<\/p>\n","protected":false},"author":4,"featured_media":2058,"comment_status":"closed","ping_status":"closed","sticky":false,"template":"","format":"standard","meta":{"_uag_custom_page_level_css":"","site-sidebar-layout":"default","site-content-layout":"","ast-site-content-layout":"default","site-content-style":"default","site-sidebar-style":"default","ast-global-header-display":"","ast-banner-title-visibility":"","ast-main-header-display":"","ast-hfb-above-header-display":"","ast-hfb-below-header-display":"","ast-hfb-mobile-header-display":"","site-post-title":"","ast-breadcrumbs-content":"","ast-featured-img":"","footer-sml-layout":"","ast-disable-related-posts":"","theme-transparent-header-meta":"","adv-header-id-meta":"","stick-header-meta":"","header-above-stick-meta":"","header-main-stick-meta":"","header-below-stick-meta":"","astra-migrate-meta-layouts":"default","ast-page-background-enabled":"default","ast-page-background-meta":{"desktop":{"background-color":"var(--ast-global-color-4)","background-image":"","background-repeat":"repeat","background-position":"center center","background-size":"auto","background-attachment":"scroll","background-type":"","background-media":"","overlay-type":"","overlay-color":"","overlay-opacity":"","overlay-gradient":""},"tablet":{"background-color":"","background-image":"","background-repeat":"repeat","background-position":"center center","background-size":"auto","background-attachment":"scroll","background-type":"","background-media":"","overlay-type":"","overlay-color":"","overlay-opacity":"","overlay-gradient":""},"mobile":{"background-color":"","background-image":"","background-repeat":"repeat","background-position":"center center","background-size":"auto","background-attachment":"scroll","background-type":"","background-media":"","overlay-type":"","overlay-color":"","overlay-opacity":"","overlay-gradient":""}},"ast-content-background-meta":{"desktop":{"background-color":"var(--ast-global-color-5)","background-image":"","background-repeat":"repeat","background-position":"center center","background-size":"auto","background-attachment":"scroll","background-type":"","background-media":"","overlay-type":"","overlay-color":"","overlay-opacity":"","overlay-gradient":""},"tablet":{"background-color":"var(--ast-global-color-5)","background-image":"","background-repeat":"repeat","background-position":"center center","background-size":"auto","background-attachment":"scroll","background-type":"","background-media":"","overlay-type":"","overlay-color":"","overlay-opacity":"","overlay-gradient":""},"mobile":{"background-color":"var(--ast-global-color-5)","background-image":"","background-repeat":"repeat","background-position":"center center","background-size":"auto","background-attachment":"scroll","background-type":"","background-media":"","overlay-type":"","overlay-color":"","overlay-opacity":"","overlay-gradient":""}},"footnotes":""},"categories":[6],"tags":[],"class_list":["post-2057","post","type-post","status-publish","format-standard","has-post-thumbnail","hentry","category-noticias-utm"],"yoast_head":"<!-- This site is optimized with the Yoast SEO plugin v27.4 - https:\/\/yoast.com\/product\/yoast-seo-wordpress\/ -->\n<title>UTM impulsa di\u00e1logo abierto sobre participaci\u00f3n juvenil, seguridad y derechos - Universidad Tecnol\u00f3gica de Morelia<\/title>\n<meta name=\"robots\" content=\"index, follow, max-snippet:-1, max-image-preview:large, max-video-preview:-1\" \/>\n<link rel=\"canonical\" href=\"https:\/\/ut-morelia.edu.mx\/index.php\/2026\/02\/17\/utm-impulsa-dialogo-abierto-sobre-participacion-juvenil-seguridad-y-derechos\/\" \/>\n<meta property=\"og:locale\" content=\"es_ES\" \/>\n<meta property=\"og:type\" content=\"article\" \/>\n<meta property=\"og:title\" content=\"UTM impulsa di\u00e1logo abierto sobre participaci\u00f3n juvenil, seguridad y derechos - Universidad Tecnol\u00f3gica de Morelia\" \/>\n<meta property=\"og:description\" content=\"La senadora de la Rep\u00fablica, Celeste Ascencio, reflexion\u00f3 con las y los alumnos sobre pol\u00edticas p\u00fablicas y transformaci\u00f3n social Morelia, Michoac\u00e1n, 17 de febrero de 2026. La Universidad Tecnol\u00f3gica de Morelia (UTM) fue sede de un conversatorio con la senadora de la Rep\u00fablica, Celeste Ascencio, quien sostuvo un di\u00e1logo abierto con estudiantes de distintas carreras [&hellip;]\" \/>\n<meta property=\"og:url\" content=\"https:\/\/ut-morelia.edu.mx\/index.php\/2026\/02\/17\/utm-impulsa-dialogo-abierto-sobre-participacion-juvenil-seguridad-y-derechos\/\" \/>\n<meta property=\"og:site_name\" content=\"Universidad Tecnol\u00f3gica de Morelia\" \/>\n<meta property=\"article:published_time\" content=\"2026-02-17T20:59:31+00:00\" \/>\n<meta property=\"og:image\" content=\"https:\/\/ut-morelia.edu.mx\/wp-content\/uploads\/2026\/02\/comunicado-008-26.jpg\" \/>\n\t<meta property=\"og:image:width\" content=\"1280\" \/>\n\t<meta property=\"og:image:height\" content=\"720\" \/>\n\t<meta property=\"og:image:type\" content=\"image\/jpeg\" \/>\n<meta name=\"author\" content=\"Ma. Guadalupe Linares\" \/>\n<meta name=\"twitter:card\" content=\"summary_large_image\" \/>\n<meta name=\"twitter:label1\" content=\"Escrito por\" \/>\n\t<meta name=\"twitter:data1\" content=\"Ma. Guadalupe Linares\" \/>\n\t<meta name=\"twitter:label2\" content=\"Tiempo de lectura\" \/>\n\t<meta name=\"twitter:data2\" content=\"2 minutos\" \/>\n<script type=\"application\/ld+json\" class=\"yoast-schema-graph\">{\"@context\":\"https:\\\/\\\/schema.org\",\"@graph\":[{\"@type\":\"Article\",\"@id\":\"https:\\\/\\\/ut-morelia.edu.mx\\\/index.php\\\/2026\\\/02\\\/17\\\/utm-impulsa-dialogo-abierto-sobre-participacion-juvenil-seguridad-y-derechos\\\/#article\",\"isPartOf\":{\"@id\":\"https:\\\/\\\/ut-morelia.edu.mx\\\/index.php\\\/2026\\\/02\\\/17\\\/utm-impulsa-dialogo-abierto-sobre-participacion-juvenil-seguridad-y-derechos\\\/\"},\"author\":{\"name\":\"Ma. Guadalupe Linares\",\"@id\":\"https:\\\/\\\/ut-morelia.edu.mx\\\/#\\\/schema\\\/person\\\/e99cc6845dc3cbdb212f02b5de9b641f\"},\"headline\":\"UTM impulsa di\u00e1logo abierto sobre participaci\u00f3n juvenil, seguridad y derechos\",\"datePublished\":\"2026-02-17T20:59:31+00:00\",\"mainEntityOfPage\":{\"@id\":\"https:\\\/\\\/ut-morelia.edu.mx\\\/index.php\\\/2026\\\/02\\\/17\\\/utm-impulsa-dialogo-abierto-sobre-participacion-juvenil-seguridad-y-derechos\\\/\"},\"wordCount\":229,\"publisher\":{\"@id\":\"https:\\\/\\\/ut-morelia.edu.mx\\\/#organization\"},\"image\":{\"@id\":\"https:\\\/\\\/ut-morelia.edu.mx\\\/index.php\\\/2026\\\/02\\\/17\\\/utm-impulsa-dialogo-abierto-sobre-participacion-juvenil-seguridad-y-derechos\\\/#primaryimage\"},\"thumbnailUrl\":\"https:\\\/\\\/ut-morelia.edu.mx\\\/wp-content\\\/uploads\\\/2026\\\/02\\\/comunicado-008-26.jpg\",\"articleSection\":[\"Noticias UTM\"],\"inLanguage\":\"es\"},{\"@type\":\"WebPage\",\"@id\":\"https:\\\/\\\/ut-morelia.edu.mx\\\/index.php\\\/2026\\\/02\\\/17\\\/utm-impulsa-dialogo-abierto-sobre-participacion-juvenil-seguridad-y-derechos\\\/\",\"url\":\"https:\\\/\\\/ut-morelia.edu.mx\\\/index.php\\\/2026\\\/02\\\/17\\\/utm-impulsa-dialogo-abierto-sobre-participacion-juvenil-seguridad-y-derechos\\\/\",\"name\":\"UTM impulsa di\u00e1logo abierto sobre participaci\u00f3n juvenil, seguridad y derechos - Universidad Tecnol\u00f3gica de Morelia\",\"isPartOf\":{\"@id\":\"https:\\\/\\\/ut-morelia.edu.mx\\\/#website\"},\"primaryImageOfPage\":{\"@id\":\"https:\\\/\\\/ut-morelia.edu.mx\\\/index.php\\\/2026\\\/02\\\/17\\\/utm-impulsa-dialogo-abierto-sobre-participacion-juvenil-seguridad-y-derechos\\\/#primaryimage\"},\"image\":{\"@id\":\"https:\\\/\\\/ut-morelia.edu.mx\\\/index.php\\\/2026\\\/02\\\/17\\\/utm-impulsa-dialogo-abierto-sobre-participacion-juvenil-seguridad-y-derechos\\\/#primaryimage\"},\"thumbnailUrl\":\"https:\\\/\\\/ut-morelia.edu.mx\\\/wp-content\\\/uploads\\\/2026\\\/02\\\/comunicado-008-26.jpg\",\"datePublished\":\"2026-02-17T20:59:31+00:00\",\"breadcrumb\":{\"@id\":\"https:\\\/\\\/ut-morelia.edu.mx\\\/index.php\\\/2026\\\/02\\\/17\\\/utm-impulsa-dialogo-abierto-sobre-participacion-juvenil-seguridad-y-derechos\\\/#breadcrumb\"},\"inLanguage\":\"es\",\"potentialAction\":[{\"@type\":\"ReadAction\",\"target\":[\"https:\\\/\\\/ut-morelia.edu.mx\\\/index.php\\\/2026\\\/02\\\/17\\\/utm-impulsa-dialogo-abierto-sobre-participacion-juvenil-seguridad-y-derechos\\\/\"]}]},{\"@type\":\"ImageObject\",\"inLanguage\":\"es\",\"@id\":\"https:\\\/\\\/ut-morelia.edu.mx\\\/index.php\\\/2026\\\/02\\\/17\\\/utm-impulsa-dialogo-abierto-sobre-participacion-juvenil-seguridad-y-derechos\\\/#primaryimage\",\"url\":\"https:\\\/\\\/ut-morelia.edu.mx\\\/wp-content\\\/uploads\\\/2026\\\/02\\\/comunicado-008-26.jpg\",\"contentUrl\":\"https:\\\/\\\/ut-morelia.edu.mx\\\/wp-content\\\/uploads\\\/2026\\\/02\\\/comunicado-008-26.jpg\",\"width\":1280,\"height\":720},{\"@type\":\"BreadcrumbList\",\"@id\":\"https:\\\/\\\/ut-morelia.edu.mx\\\/index.php\\\/2026\\\/02\\\/17\\\/utm-impulsa-dialogo-abierto-sobre-participacion-juvenil-seguridad-y-derechos\\\/#breadcrumb\",\"itemListElement\":[{\"@type\":\"ListItem\",\"position\":1,\"name\":\"Portada\",\"item\":\"https:\\\/\\\/ut-morelia.edu.mx\\\/\"},{\"@type\":\"ListItem\",\"position\":2,\"name\":\"UTM impulsa di\u00e1logo abierto sobre participaci\u00f3n juvenil, seguridad y derechos\"}]},{\"@type\":\"WebSite\",\"@id\":\"https:\\\/\\\/ut-morelia.edu.mx\\\/#website\",\"url\":\"https:\\\/\\\/ut-morelia.edu.mx\\\/\",\"name\":\"Universidad Tecnol\u00f3gica de Morelia\",\"description\":\"UTM Morelia\",\"publisher\":{\"@id\":\"https:\\\/\\\/ut-morelia.edu.mx\\\/#organization\"},\"potentialAction\":[{\"@type\":\"SearchAction\",\"target\":{\"@type\":\"EntryPoint\",\"urlTemplate\":\"https:\\\/\\\/ut-morelia.edu.mx\\\/?s={search_term_string}\"},\"query-input\":{\"@type\":\"PropertyValueSpecification\",\"valueRequired\":true,\"valueName\":\"search_term_string\"}}],\"inLanguage\":\"es\"},{\"@type\":\"Organization\",\"@id\":\"https:\\\/\\\/ut-morelia.edu.mx\\\/#organization\",\"name\":\"Universidad Tecnol\u00f3gica de Morelia\",\"url\":\"https:\\\/\\\/ut-morelia.edu.mx\\\/\",\"logo\":{\"@type\":\"ImageObject\",\"inLanguage\":\"es\",\"@id\":\"https:\\\/\\\/ut-morelia.edu.mx\\\/#\\\/schema\\\/logo\\\/image\\\/\",\"url\":\"https:\\\/\\\/ut-morelia.edu.mx\\\/wp-content\\\/uploads\\\/2026\\\/01\\\/LOGO-PEQUENO-PAGE.jpg.jpeg\",\"contentUrl\":\"https:\\\/\\\/ut-morelia.edu.mx\\\/wp-content\\\/uploads\\\/2026\\\/01\\\/LOGO-PEQUENO-PAGE.jpg.jpeg\",\"width\":180,\"height\":57,\"caption\":\"Universidad Tecnol\u00f3gica de Morelia\"},\"image\":{\"@id\":\"https:\\\/\\\/ut-morelia.edu.mx\\\/#\\\/schema\\\/logo\\\/image\\\/\"}},{\"@type\":\"Person\",\"@id\":\"https:\\\/\\\/ut-morelia.edu.mx\\\/#\\\/schema\\\/person\\\/e99cc6845dc3cbdb212f02b5de9b641f\",\"name\":\"Ma. Guadalupe Linares\",\"image\":{\"@type\":\"ImageObject\",\"inLanguage\":\"es\",\"@id\":\"https:\\\/\\\/secure.gravatar.com\\\/avatar\\\/ce05d2c359bac6534e870217d788e6f5e4f6ab4b1b45f319a9e5e46e2e0e4375?s=96&d=mm&r=g\",\"url\":\"https:\\\/\\\/secure.gravatar.com\\\/avatar\\\/ce05d2c359bac6534e870217d788e6f5e4f6ab4b1b45f319a9e5e46e2e0e4375?s=96&d=mm&r=g\",\"contentUrl\":\"https:\\\/\\\/secure.gravatar.com\\\/avatar\\\/ce05d2c359bac6534e870217d788e6f5e4f6ab4b1b45f319a9e5e46e2e0e4375?s=96&d=mm&r=g\",\"caption\":\"Ma. Guadalupe Linares\"},\"url\":\"https:\\\/\\\/ut-morelia.edu.mx\\\/index.php\\\/author\\\/guadalupe\\\/\"}]}<\/script>\n<!-- \/ Yoast SEO plugin. -->","yoast_head_json":{"title":"UTM impulsa di\u00e1logo abierto sobre participaci\u00f3n juvenil, seguridad y derechos - Universidad Tecnol\u00f3gica de Morelia","robots":{"index":"index","follow":"follow","max-snippet":"max-snippet:-1","max-image-preview":"max-image-preview:large","max-video-preview":"max-video-preview:-1"},"canonical":"https:\/\/ut-morelia.edu.mx\/index.php\/2026\/02\/17\/utm-impulsa-dialogo-abierto-sobre-participacion-juvenil-seguridad-y-derechos\/","og_locale":"es_ES","og_type":"article","og_title":"UTM impulsa di\u00e1logo abierto sobre participaci\u00f3n juvenil, seguridad y derechos - Universidad Tecnol\u00f3gica de Morelia","og_description":"La senadora de la Rep\u00fablica, Celeste Ascencio, reflexion\u00f3 con las y los alumnos sobre pol\u00edticas p\u00fablicas y transformaci\u00f3n social Morelia, Michoac\u00e1n, 17 de febrero de 2026. La Universidad Tecnol\u00f3gica de Morelia (UTM) fue sede de un conversatorio con la senadora de la Rep\u00fablica, Celeste Ascencio, quien sostuvo un di\u00e1logo abierto con estudiantes de distintas carreras [&hellip;]","og_url":"https:\/\/ut-morelia.edu.mx\/index.php\/2026\/02\/17\/utm-impulsa-dialogo-abierto-sobre-participacion-juvenil-seguridad-y-derechos\/","og_site_name":"Universidad Tecnol\u00f3gica de Morelia","article_published_time":"2026-02-17T20:59:31+00:00","og_image":[{"width":1280,"height":720,"url":"https:\/\/ut-morelia.edu.mx\/wp-content\/uploads\/2026\/02\/comunicado-008-26.jpg","type":"image\/jpeg"}],"author":"Ma. Guadalupe Linares","twitter_card":"summary_large_image","twitter_misc":{"Escrito por":"Ma. Guadalupe Linares","Tiempo de lectura":"2 minutos"},"schema":{"@context":"https:\/\/schema.org","@graph":[{"@type":"Article","@id":"https:\/\/ut-morelia.edu.mx\/index.php\/2026\/02\/17\/utm-impulsa-dialogo-abierto-sobre-participacion-juvenil-seguridad-y-derechos\/#article","isPartOf":{"@id":"https:\/\/ut-morelia.edu.mx\/index.php\/2026\/02\/17\/utm-impulsa-dialogo-abierto-sobre-participacion-juvenil-seguridad-y-derechos\/"},"author":{"name":"Ma. Guadalupe Linares","@id":"https:\/\/ut-morelia.edu.mx\/#\/schema\/person\/e99cc6845dc3cbdb212f02b5de9b641f"},"headline":"UTM impulsa di\u00e1logo abierto sobre participaci\u00f3n juvenil, seguridad y derechos","datePublished":"2026-02-17T20:59:31+00:00","mainEntityOfPage":{"@id":"https:\/\/ut-morelia.edu.mx\/index.php\/2026\/02\/17\/utm-impulsa-dialogo-abierto-sobre-participacion-juvenil-seguridad-y-derechos\/"},"wordCount":229,"publisher":{"@id":"https:\/\/ut-morelia.edu.mx\/#organization"},"image":{"@id":"https:\/\/ut-morelia.edu.mx\/index.php\/2026\/02\/17\/utm-impulsa-dialogo-abierto-sobre-participacion-juvenil-seguridad-y-derechos\/#primaryimage"},"thumbnailUrl":"https:\/\/ut-morelia.edu.mx\/wp-content\/uploads\/2026\/02\/comunicado-008-26.jpg","articleSection":["Noticias UTM"],"inLanguage":"es"},{"@type":"WebPage","@id":"https:\/\/ut-morelia.edu.mx\/index.php\/2026\/02\/17\/utm-impulsa-dialogo-abierto-sobre-participacion-juvenil-seguridad-y-derechos\/","url":"https:\/\/ut-morelia.edu.mx\/index.php\/2026\/02\/17\/utm-impulsa-dialogo-abierto-sobre-participacion-juvenil-seguridad-y-derechos\/","name":"UTM impulsa di\u00e1logo abierto sobre participaci\u00f3n juvenil, seguridad y derechos - Universidad Tecnol\u00f3gica de Morelia","isPartOf":{"@id":"https:\/\/ut-morelia.edu.mx\/#website"},"primaryImageOfPage":{"@id":"https:\/\/ut-morelia.edu.mx\/index.php\/2026\/02\/17\/utm-impulsa-dialogo-abierto-sobre-participacion-juvenil-seguridad-y-derechos\/#primaryimage"},"image":{"@id":"https:\/\/ut-morelia.edu.mx\/index.php\/2026\/02\/17\/utm-impulsa-dialogo-abierto-sobre-participacion-juvenil-seguridad-y-derechos\/#primaryimage"},"thumbnailUrl":"https:\/\/ut-morelia.edu.mx\/wp-content\/uploads\/2026\/02\/comunicado-008-26.jpg","datePublished":"2026-02-17T20:59:31+00:00","breadcrumb":{"@id":"https:\/\/ut-morelia.edu.mx\/index.php\/2026\/02\/17\/utm-impulsa-dialogo-abierto-sobre-participacion-juvenil-seguridad-y-derechos\/#breadcrumb"},"inLanguage":"es","potentialAction":[{"@type":"ReadAction","target":["https:\/\/ut-morelia.edu.mx\/index.php\/2026\/02\/17\/utm-impulsa-dialogo-abierto-sobre-participacion-juvenil-seguridad-y-derechos\/"]}]},{"@type":"ImageObject","inLanguage":"es","@id":"https:\/\/ut-morelia.edu.mx\/index.php\/2026\/02\/17\/utm-impulsa-dialogo-abierto-sobre-participacion-juvenil-seguridad-y-derechos\/#primaryimage","url":"https:\/\/ut-morelia.edu.mx\/wp-content\/uploads\/2026\/02\/comunicado-008-26.jpg","contentUrl":"https:\/\/ut-morelia.edu.mx\/wp-content\/uploads\/2026\/02\/comunicado-008-26.jpg","width":1280,"height":720},{"@type":"BreadcrumbList","@id":"https:\/\/ut-morelia.edu.mx\/index.php\/2026\/02\/17\/utm-impulsa-dialogo-abierto-sobre-participacion-juvenil-seguridad-y-derechos\/#breadcrumb","itemListElement":[{"@type":"ListItem","position":1,"name":"Portada","item":"https:\/\/ut-morelia.edu.mx\/"},{"@type":"ListItem","position":2,"name":"UTM impulsa di\u00e1logo abierto sobre participaci\u00f3n juvenil, seguridad y derechos"}]},{"@type":"WebSite","@id":"https:\/\/ut-morelia.edu.mx\/#website","url":"https:\/\/ut-morelia.edu.mx\/","name":"Universidad Tecnol\u00f3gica de Morelia","description":"UTM Morelia","publisher":{"@id":"https:\/\/ut-morelia.edu.mx\/#organization"},"potentialAction":[{"@type":"SearchAction","target":{"@type":"EntryPoint","urlTemplate":"https:\/\/ut-morelia.edu.mx\/?s={search_term_string}"},"query-input":{"@type":"PropertyValueSpecification","valueRequired":true,"valueName":"search_term_string"}}],"inLanguage":"es"},{"@type":"Organization","@id":"https:\/\/ut-morelia.edu.mx\/#organization","name":"Universidad Tecnol\u00f3gica de Morelia","url":"https:\/\/ut-morelia.edu.mx\/","logo":{"@type":"ImageObject","inLanguage":"es","@id":"https:\/\/ut-morelia.edu.mx\/#\/schema\/logo\/image\/","url":"https:\/\/ut-morelia.edu.mx\/wp-content\/uploads\/2026\/01\/LOGO-PEQUENO-PAGE.jpg.jpeg","contentUrl":"https:\/\/ut-morelia.edu.mx\/wp-content\/uploads\/2026\/01\/LOGO-PEQUENO-PAGE.jpg.jpeg","width":180,"height":57,"caption":"Universidad Tecnol\u00f3gica de Morelia"},"image":{"@id":"https:\/\/ut-morelia.edu.mx\/#\/schema\/logo\/image\/"}},{"@type":"Person","@id":"https:\/\/ut-morelia.edu.mx\/#\/schema\/person\/e99cc6845dc3cbdb212f02b5de9b641f","name":"Ma. Guadalupe Linares","image":{"@type":"ImageObject","inLanguage":"es","@id":"https:\/\/secure.gravatar.com\/avatar\/ce05d2c359bac6534e870217d788e6f5e4f6ab4b1b45f319a9e5e46e2e0e4375?s=96&d=mm&r=g","url":"https:\/\/secure.gravatar.com\/avatar\/ce05d2c359bac6534e870217d788e6f5e4f6ab4b1b45f319a9e5e46e2e0e4375?s=96&d=mm&r=g","contentUrl":"https:\/\/secure.gravatar.com\/avatar\/ce05d2c359bac6534e870217d788e6f5e4f6ab4b1b45f319a9e5e46e2e0e4375?s=96&d=mm&r=g","caption":"Ma. Guadalupe Linares"},"url":"https:\/\/ut-morelia.edu.mx\/index.php\/author\/guadalupe\/"}]}},"spectra_custom_meta":{"_edit_lock":["1771361975:4"],"_thumbnail_id":["2058"],"_edit_last":["4"],"_yoast_wpseo_primary_category":["6"],"_yoast_wpseo_content_score":["90"],"_yoast_wpseo_estimated-reading-time-minutes":["2"],"_uag_css_file_name":["uag-css-2057.css"],"_uagb_previous_block_counts":["a:90:{s:21:\"uagb\/advanced-heading\";i:0;s:15:\"uagb\/blockquote\";i:0;s:12:\"uagb\/buttons\";i:0;s:18:\"uagb\/buttons-child\";i:0;s:19:\"uagb\/call-to-action\";i:0;s:15:\"uagb\/cf7-styler\";i:0;s:11:\"uagb\/column\";i:0;s:12:\"uagb\/columns\";i:0;s:14:\"uagb\/container\";i:0;s:21:\"uagb\/content-timeline\";i:0;s:27:\"uagb\/content-timeline-child\";i:0;s:14:\"uagb\/countdown\";i:0;s:12:\"uagb\/counter\";i:0;s:8:\"uagb\/faq\";i:0;s:14:\"uagb\/faq-child\";i:0;s:10:\"uagb\/forms\";i:0;s:17:\"uagb\/forms-accept\";i:0;s:19:\"uagb\/forms-checkbox\";i:0;s:15:\"uagb\/forms-date\";i:0;s:16:\"uagb\/forms-email\";i:0;s:17:\"uagb\/forms-hidden\";i:0;s:15:\"uagb\/forms-name\";i:0;s:16:\"uagb\/forms-phone\";i:0;s:16:\"uagb\/forms-radio\";i:0;s:17:\"uagb\/forms-select\";i:0;s:19:\"uagb\/forms-textarea\";i:0;s:17:\"uagb\/forms-toggle\";i:0;s:14:\"uagb\/forms-url\";i:0;s:14:\"uagb\/gf-styler\";i:0;s:15:\"uagb\/google-map\";i:0;s:11:\"uagb\/how-to\";i:0;s:16:\"uagb\/how-to-step\";i:0;s:9:\"uagb\/icon\";i:0;s:14:\"uagb\/icon-list\";i:0;s:20:\"uagb\/icon-list-child\";i:0;s:10:\"uagb\/image\";i:0;s:18:\"uagb\/image-gallery\";i:0;s:13:\"uagb\/info-box\";i:0;s:18:\"uagb\/inline-notice\";i:0;s:11:\"uagb\/lottie\";i:0;s:21:\"uagb\/marketing-button\";i:0;s:10:\"uagb\/modal\";i:0;s:18:\"uagb\/popup-builder\";i:0;s:16:\"uagb\/post-button\";i:0;s:18:\"uagb\/post-carousel\";i:0;s:17:\"uagb\/post-excerpt\";i:0;s:14:\"uagb\/post-grid\";i:0;s:15:\"uagb\/post-image\";i:0;s:17:\"uagb\/post-masonry\";i:0;s:14:\"uagb\/post-meta\";i:0;s:18:\"uagb\/post-taxonomy\";i:0;s:18:\"uagb\/post-timeline\";i:0;s:15:\"uagb\/post-title\";i:0;s:20:\"uagb\/restaurant-menu\";i:0;s:26:\"uagb\/restaurant-menu-child\";i:0;s:11:\"uagb\/review\";i:0;s:12:\"uagb\/section\";i:0;s:14:\"uagb\/separator\";i:0;s:11:\"uagb\/slider\";i:0;s:17:\"uagb\/slider-child\";i:0;s:17:\"uagb\/social-share\";i:0;s:23:\"uagb\/social-share-child\";i:0;s:16:\"uagb\/star-rating\";i:0;s:23:\"uagb\/sure-cart-checkout\";i:0;s:22:\"uagb\/sure-cart-product\";i:0;s:15:\"uagb\/sure-forms\";i:0;s:22:\"uagb\/table-of-contents\";i:0;s:9:\"uagb\/tabs\";i:0;s:15:\"uagb\/tabs-child\";i:0;s:18:\"uagb\/taxonomy-list\";i:0;s:9:\"uagb\/team\";i:0;s:16:\"uagb\/testimonial\";i:0;s:14:\"uagb\/wp-search\";i:0;s:19:\"uagb\/instagram-feed\";i:0;s:10:\"uagb\/login\";i:0;s:17:\"uagb\/loop-builder\";i:0;s:18:\"uagb\/loop-category\";i:0;s:20:\"uagb\/loop-pagination\";i:0;s:15:\"uagb\/loop-reset\";i:0;s:16:\"uagb\/loop-search\";i:0;s:14:\"uagb\/loop-sort\";i:0;s:17:\"uagb\/loop-wrapper\";i:0;s:13:\"uagb\/register\";i:0;s:19:\"uagb\/register-email\";i:0;s:24:\"uagb\/register-first-name\";i:0;s:23:\"uagb\/register-last-name\";i:0;s:22:\"uagb\/register-password\";i:0;s:30:\"uagb\/register-reenter-password\";i:0;s:19:\"uagb\/register-terms\";i:0;s:22:\"uagb\/register-username\";i:0;}"],"_uag_page_assets":["a:9:{s:3:\"css\";s:690:\".uagb-google-map__wrap{display:flex}.uagb-google-map__wrap .uagb-google-map__iframe{width:100%;box-shadow:none;border:none;padding:0;margin:0} .uagb-block-e9fd5ddd .uagb-google-map__iframe{height: 200px;}@media only screen and (max-width: 976px) { .uagb-block-e9fd5ddd .uagb-google-map__iframe{height: 300px;}}@media only screen and (max-width: 767px) { .uagb-block-e9fd5ddd .uagb-google-map__iframe{height: 300px;}} .uagb-block-5ed06b57 .uagb-google-map__iframe{height: 300px;}@media only screen and (max-width: 976px) { .uagb-block-5ed06b57 .uagb-google-map__iframe{height: 300px;}}@media only screen and (max-width: 767px) { .uagb-block-5ed06b57 .uagb-google-map__iframe{height: 300px;}}\";s:2:\"js\";s:0:\"\";s:18:\"current_block_list\";a:12:{i:0;s:14:\"core\/paragraph\";i:1;s:11:\"core\/search\";i:2;s:10:\"core\/group\";i:3;s:12:\"core\/heading\";i:4;s:17:\"core\/latest-posts\";i:5;s:20:\"core\/latest-comments\";i:6;s:13:\"core\/archives\";i:7;s:15:\"core\/categories\";i:8;s:17:\"core\/social-links\";i:9;s:16:\"core\/social-link\";i:10;s:10:\"core\/image\";i:11;s:15:\"uagb\/google-map\";}s:8:\"uag_flag\";b:1;s:11:\"uag_version\";s:10:\"1777248584\";s:6:\"gfonts\";a:0:{}s:10:\"gfonts_url\";s:0:\"\";s:12:\"gfonts_files\";a:0:{}s:14:\"uag_faq_layout\";b:0;}"]},"uagb_featured_image_src":{"full":["https:\/\/ut-morelia.edu.mx\/wp-content\/uploads\/2026\/02\/comunicado-008-26.jpg",1280,720,false],"thumbnail":["https:\/\/ut-morelia.edu.mx\/wp-content\/uploads\/2026\/02\/comunicado-008-26-150x150.jpg",150,150,true],"medium":["https:\/\/ut-morelia.edu.mx\/wp-content\/uploads\/2026\/02\/comunicado-008-26-300x169.jpg",300,169,true],"medium_large":["https:\/\/ut-morelia.edu.mx\/wp-content\/uploads\/2026\/02\/comunicado-008-26-768x432.jpg",768,432,true],"large":["https:\/\/ut-morelia.edu.mx\/wp-content\/uploads\/2026\/02\/comunicado-008-26-1024x576.jpg",1024,576,true],"1536x1536":["https:\/\/ut-morelia.edu.mx\/wp-content\/uploads\/2026\/02\/comunicado-008-26.jpg",1280,720,false],"2048x2048":["https:\/\/ut-morelia.edu.mx\/wp-content\/uploads\/2026\/02\/comunicado-008-26.jpg",1280,720,false]},"uagb_author_info":{"display_name":"Ma. Guadalupe Linares","author_link":"https:\/\/ut-morelia.edu.mx\/index.php\/author\/guadalupe\/"},"uagb_comment_info":0,"uagb_excerpt":"La senadora de la Rep\u00fablica, Celeste Ascencio, reflexion\u00f3 con las y los alumnos sobre pol\u00edticas p\u00fablicas y transformaci\u00f3n social Morelia, Michoac\u00e1n, 17 de febrero de 2026. La Universidad Tecnol\u00f3gica de Morelia (UTM) fue sede de un conversatorio con la senadora de la Rep\u00fablica, Celeste Ascencio, quien sostuvo un di\u00e1logo abierto con estudiantes de distintas carreras&hellip;","_links":{"self":[{"href":"https:\/\/ut-morelia.edu.mx\/index.php\/wp-json\/wp\/v2\/posts\/2057","targetHints":{"allow":["GET"]}}],"collection":[{"href":"https:\/\/ut-morelia.edu.mx\/index.php\/wp-json\/wp\/v2\/posts"}],"about":[{"href":"https:\/\/ut-morelia.edu.mx\/index.php\/wp-json\/wp\/v2\/types\/post"}],"author":[{"embeddable":true,"href":"https:\/\/ut-morelia.edu.mx\/index.php\/wp-json\/wp\/v2\/users\/4"}],"replies":[{"embeddable":true,"href":"https:\/\/ut-morelia.edu.mx\/index.php\/wp-json\/wp\/v2\/comments?post=2057"}],"version-history":[{"count":1,"href":"https:\/\/ut-morelia.edu.mx\/index.php\/wp-json\/wp\/v2\/posts\/2057\/revisions"}],"predecessor-version":[{"id":2059,"href":"https:\/\/ut-morelia.edu.mx\/index.php\/wp-json\/wp\/v2\/posts\/2057\/revisions\/2059"}],"wp:featuredmedia":[{"embeddable":true,"href":"https:\/\/ut-morelia.edu.mx\/index.php\/wp-json\/wp\/v2\/media\/2058"}],"wp:attachment":[{"href":"https:\/\/ut-morelia.edu.mx\/index.php\/wp-json\/wp\/v2\/media?parent=2057"}],"wp:term":[{"taxonomy":"category","embeddable":true,"href":"https:\/\/ut-morelia.edu.mx\/index.php\/wp-json\/wp\/v2\/categories?post=2057"},{"taxonomy":"post_tag","embeddable":true,"href":"https:\/\/ut-morelia.edu.mx\/index.php\/wp-json\/wp\/v2\/tags?post=2057"}],"curies":[{"name":"wp","href":"https:\/\/api.w.org\/{rel}","templated":true}]}}